{"id":100,"date":"2020-11-05T20:15:29","date_gmt":"2020-11-05T23:15:29","guid":{"rendered":"https:\/\/hom.passagenspromo.com.br\/?p=100"},"modified":"2025-05-09T06:44:50","modified_gmt":"2025-05-09T09:44:50","slug":"quero-incluir-bagagens-despachadas-azul","status":"publish","type":"post","link":"https:\/\/passagenspromo.com.br\/atendimento\/bagagens\/quero-incluir-bagagens-despachadas-azul\/","title":{"rendered":"Quero despachar bagagens \u2014 Azul"},"content":{"rendered":"\n<p>J\u00e1 comprou sua passagem e precisa incluir mais bagagens?  <strong>A inclus\u00e3o de bagagem deve ser feita diretamente com a companhia a\u00e9rea<\/strong>. <br><br>N\u00f3s do Passagens Promo preparamos este material para te ajudar. <em>Siga as instru\u00e7\u00f5es abaixo e veja como \u00e9 simples!<\/em><\/p>\n\n\n\n<p>Para incluir a sua bagagem, v\u00e1 ao <a href=\"https:\/\/www.voeazul.com.br\/\">site da companhia a\u00e9rea Azul<\/a> e realize o seu check-in. Durante o processo, voc\u00ea poder\u00e1 selecionar seu assento, clicar em prosseguir e depois pode comprar bagagem para despachar. <strong>O pre\u00e7o \u00e9 informado no ato da compra<\/strong>. <\/p>\n\n\n\n<p>Ficou com d\u00favidas de como fazer? Neste v\u00eddeo explicamos todo o passo a passo, especialmente para voc\u00ea. N\u00e3o se preocupe, \u00e9 bastante simples de realizar:<\/p>\n\n\n\n<figure class=\"wp-block-embed is-type-video is-provider-youtube wp-block-embed-youtube wp-embed-aspect-16-9 wp-has-aspect-ratio\"><div class=\"wp-block-embed__wrapper\">\n<iframe loading=\"lazy\" title=\"Como fazer check-in e despachar a mala na Azul?\" width=\"500\" height=\"281\" src=\"https:\/\/www.youtube.com\/embed\/3BoUJc4HiFM?start=5&#038;feature=oembed\" frameborder=\"0\" allow=\"accelerometer; autoplay; clipboard-write; encrypted-media; gyroscope; picture-in-picture; web-share\" referrerpolicy=\"strict-origin-when-cross-origin\" allowfullscreen><\/iframe>\n<\/div><\/figure>\n\n\n\n<hr class=\"wp-block-separator has-text-color has-css-opacity has-background is-style-default\" style=\"background-color:#2f60a1;color:#2f60a1\"\/>\n\n\n\n<p>N\u00e3o se esque\u00e7a de verificar as <strong>regras da Azul <\/strong>para saber o que pode ou n\u00e3o ser transportado em cada bagagem e as medidas permitidas para suas malas:<br><br><strong>\u2022 Artigo pessoal:<br><\/strong>Deve ser levado abaixo do assento dianteiro.<br>Artigos como bolsa, mochila de notebook, sacola n\u00e3o podem ultrapassar as seguintes medidas: <em>45x20x25 cm (altura, largura e profundidade)<\/em><\/p>\n\n\n\n<p><strong>\u2022 Bagagem de m\u00e3o:<br><\/strong>Voc\u00ea n\u00e3o precisa despachar, podendo ser levada para a cabine sem custo adicional.<br>Tamanho m\u00e1ximo permitido: 55x35x25 cm (altura, largura e profundidade)<br>Peso permitido: At\u00e9 10 Kg<\/p>\n\n\n\n<p><strong>\u2022 Bagagem despachada:<br><\/strong>Tamanho m\u00e1ximo permitido: 50x80x28 cm (altura, largura e profundidade)<br>Peso permitido: At\u00e9 23 Kg<\/p>\n\n\n\n<hr class=\"wp-block-separator has-text-color has-css-opacity has-background is-style-default\" style=\"background-color:#2f60a1;color:#2f60a1\"\/>\n\n\n\n<div class=\"wp-block-group\"><div class=\"wp-block-group__inner-container is-layout-flow wp-block-group-is-layout-flow\">\n<p><strong>Ficou com alguma d\u00favida? <\/strong><br>Voc\u00ea pode falar com nosso atendimento atrav\u00e9s do WhatsApp <a href=\"https:\/\/wa.me\/551150430777\" data-type=\"link\" data-id=\"https:\/\/wa.me\/551150430777\">\ud83d\udcf2(11) 5043-0777<\/a> ou clique abaixo e fale com a gente.<\/p>\n\n\n\n<div class=\"wp-block-buttons is-layout-flex wp-block-buttons-is-layout-flex\">\n<div class=\"wp-block-button is-style-outline is-style-outline--1\"><a class=\"wp-block-button__link has-white-color has-vivid-cyan-blue-background-color has-text-color has-background wp-element-button\" href=\"https:\/\/passagenspromo.com.br\/atendimento\/filtro\/\">Mande sua mensagem!<\/a><\/div>\n<\/div>\n\n\n\n<p><sub>Lembre-se: Nosso atendimento \u00e9 apenas para esclarecer suas d\u00favidas.<\/sub>  <\/p>\n<\/div><\/div>\n\n\n\n<p><\/p>\n","protected":false},"excerpt":{"rendered":"<p>J\u00e1 comprou sua passagem e precisa incluir mais bagagens? A inclus\u00e3o de bagagem deve ser feita diretamente com a companhia a\u00e9rea. N\u00f3s do Passagens Promo preparamos este material para te ajudar. Siga as instru\u00e7\u00f5es abaixo e veja como \u00e9 simples! Para incluir a sua bagagem, v\u00e1 ao site da companhia a\u00e9rea Azul e realize o [&hellip;]<\/p>\n","protected":false},"author":6,"featured_media":0,"comment_status":"closed","ping_status":"closed","sticky":false,"template":"","format":"standard","meta":{"footnotes":""},"categories":[20,8],"tags":[],"class_list":["post-100","post","type-post","status-publish","format-standard","hentry","category-azul","category-bagagens"],"_links":{"self":[{"href":"https:\/\/passagenspromo.com.br\/atendimento\/wp-json\/wp\/v2\/posts\/100","targetHints":{"allow":["GET"]}}],"collection":[{"href":"https:\/\/passagenspromo.com.br\/atendimento\/wp-json\/wp\/v2\/posts"}],"about":[{"href":"https:\/\/passagenspromo.com.br\/atendimento\/wp-json\/wp\/v2\/types\/post"}],"author":[{"embeddable":true,"href":"https:\/\/passagenspromo.com.br\/atendimento\/wp-json\/wp\/v2\/users\/6"}],"replies":[{"embeddable":true,"href":"https:\/\/passagenspromo.com.br\/atendimento\/wp-json\/wp\/v2\/comments?post=100"}],"version-history":[{"count":25,"href":"https:\/\/passagenspromo.com.br\/atendimento\/wp-json\/wp\/v2\/posts\/100\/revisions"}],"predecessor-version":[{"id":1402,"href":"https:\/\/passagenspromo.com.br\/atendimento\/wp-json\/wp\/v2\/posts\/100\/revisions\/1402"}],"wp:attachment":[{"href":"https:\/\/passagenspromo.com.br\/atendimento\/wp-json\/wp\/v2\/media?parent=100"}],"wp:term":[{"taxonomy":"category","embeddable":true,"href":"https:\/\/passagenspromo.com.br\/atendimento\/wp-json\/wp\/v2\/categories?post=100"},{"taxonomy":"post_tag","embeddable":true,"href":"https:\/\/passagenspromo.com.br\/atendimento\/wp-json\/wp\/v2\/tags?post=100"}],"curies":[{"name":"wp","href":"https:\/\/api.w.org\/{rel}","templated":true}]}}