{"id":281,"date":"2018-06-25T14:27:21","date_gmt":"2018-06-25T17:27:21","guid":{"rendered":"https:\/\/orangered-chough-476423.hostingersite.com\/blog\/?p=281"},"modified":"2020-11-09T13:25:07","modified_gmt":"2020-11-09T16:25:07","slug":"greve-na-argentina-cancela-voos","status":"publish","type":"post","link":"https:\/\/passagenspromo.com.br\/blog\/greve-na-argentina-cancela-voos\/","title":{"rendered":"Greve na Argentina cancela voos da Aerol\u00edneas, Gol e Latam"},"content":{"rendered":"\n<p>Devido a <strong>greve na Argentina<\/strong>, as companhias <a href=\"https:\/\/www.passagenspromo.com.br\/passagens-aereas-latam\/\" target=\"_blank\" rel=\"noopener noreferrer\">Latam<\/a>, <a href=\"https:\/\/www.passagenspromo.com.br\/passagens-aereas-gol\/\" target=\"_blank\" rel=\"noopener noreferrer\">Gol<\/a> e Aerol\u00edneas cancelaram todos os voos com destino ao Brasil nesta segunda feira (25). A greve foi organizada pela Confedera\u00e7\u00e3o Geral de Trabalho (CTG) em protesto a pol\u00edtica de economia do ent\u00e3o presidente Mauricio Macri.<\/p>\n\n\n\n<p>Durante a greve, todos os voos dom\u00e9sticos na Argentina est\u00e3o cancelados. Al\u00e9m disso, a Aerol\u00edneas Argentinas cancelou seus voos internacionais, incluindo aqueles que ligam Buenos Aires as capitais brasileiras: Curitiba, Porto Alegre, <a href=\"https:\/\/www.passagenspromo.com.br\/passagens-aereas-para-sao-paulo\/\" target=\"_blank\" rel=\"noopener noreferrer\">S\u00e3o Paulo<\/a> e Rio de Janeiro.<\/p>\n\n\n\n<p>A Latam tamb\u00e9m emitiu um comunicado cancelando os voos que tenham a Argentina como origem ou destino. Confira o comunicado da empresa:<\/p>\n\n\n\n<blockquote class=\"wp-block-quote is-layout-flow wp-block-quote-is-layout-flow\"><p>\u201cA LATAM Airlines informa que, em virtude da greve nacional anunciada para 25 de junho na Argentina, a companhia cancelou todos os voos dom\u00e9sticos e internacionais operados de e para os aeroportos daquele pa\u00eds.\u201d<\/p><\/blockquote>\n\n\n\n<p>A Gol informou que os voos desta segunda feira ser\u00e3o cancelados, mas que j\u00e1 criou novos voos para atender a demanda.<\/p>\n\n\n\n\n\n<h2 class=\"wp-block-heading\">Outras consequ\u00eancias da greve na Argentina<\/h2>\n\n\n\n<p>Essa j\u00e1 \u00e9 a 3\u00aa <strong>greve na Argentina<\/strong> de grande propor\u00e7\u00e3o desde que o presidente Mauricio Macri assumiu o governo h\u00e1 cerca de dois anos e meio.<\/p>\n\n\n\n<p>A greve afeta n\u00e3o apenas o transporte a\u00e9reo como tamb\u00e9m promete afetar o transporte rodovi\u00e1rio, os postos de gasolina, escolas e at\u00e9 a coleta de lixo no pa\u00eds.<\/p>\n\n\n\n<h2 class=\"wp-block-heading\">Meu voo foi cancelado, o que devo fazer?<\/h2>\n\n\n\n<p>Se voc\u00ea comprou sua passagem para Buenos Aires aqui no Passagens Promo, entre em contato com o nosso <a href=\"https:\/\/www.passagenspromo.com.br\/atendimento\/\" target=\"_blank\" rel=\"noopener noreferrer\">atendimento<\/a> para saber qual \u00e9 o posicionamento da companhia a\u00e9rea de sua escolha. Assim, nossos atendentes ir\u00e3o repassar as op\u00e7\u00f5es oferecidas pela companhia para a remarca\u00e7\u00e3o do voo.<\/p>\n\n\n\n<p>Voc\u00ea pode entrar em contato com a nossa equipe atrav\u00e9s do telefone: 4007-2587 para regi\u00f5es metropolitanas e 31 4007-2587 para as demais localidades, atrav\u00e9s do email: atendimento@orangered-chough-476423.hostingersite.com ou pelo <strong>WhatsApp: (31) 98203-1129.<\/strong><\/p>\n\n\n\n<p>Estaremos sempre a disposi\u00e7\u00e3o para solucionar as d\u00favidas e poss\u00edveis problemas dos nossos clientes!<\/p>\n\n\n\n<p>Data:&nbsp;&nbsp;<b>25 de junho de 2018<\/b><\/p>\n","protected":false},"excerpt":{"rendered":"<p>Devido a greve na Argentina, as companhias Latam, Gol e Aerol\u00edneas cancelaram todos os voos com destino ao Brasil nesta segunda feira (25). A greve foi organizada pela Confedera\u00e7\u00e3o Geral de Trabalho (CTG) em protesto a pol\u00edtica de economia do ent\u00e3o presidente Mauricio Macri. Durante a greve, todos os voos dom\u00e9sticos na Argentina est\u00e3o cancelados. [&hellip;]<\/p>\n","protected":false},"author":29,"featured_media":282,"comment_status":"open","ping_status":"open","sticky":false,"template":"","format":"standard","meta":{"footnotes":""},"categories":[1],"tags":[25,24,15,14],"class_list":["post-281","post","type-post","status-publish","format-standard","has-post-thumbnail","hentry","category-noticias","tag-aerolineas","tag-argentina","tag-gol","tag-latam"],"yoast_head":"<!-- This site is optimized with the Yoast SEO plugin v27.4 - https:\/\/yoast.com\/product\/yoast-seo-wordpress\/ -->\n<title>Greve na Argentina cancela voos da Aerol\u00edneas, Gol e Latam<\/title>\n<meta name=\"description\" content=\"A greve na Argentina est\u00e1 prejudicando os voos para o pa\u00eds. Todos os voos dom\u00e9sticos est\u00e3o cancelados. Se voc\u00ea comprou sua passagem para Buenos Aires aqui no Passagens Promo, saiba como proceder.\" \/>\n<meta name=\"robots\" content=\"index, follow, max-snippet:-1, max-image-preview:large, max-video-preview:-1\" \/>\n<link rel=\"canonical\" href=\"https:\/\/passagenspromo.com.br\/blog\/greve-na-argentina-cancela-voos\/\" \/>\n<meta property=\"og:locale\" content=\"pt_BR\" \/>\n<meta property=\"og:type\" content=\"article\" \/>\n<meta property=\"og:title\" content=\"Greve na Argentina cancela voos da Aerol\u00edneas, Gol e Latam\" \/>\n<meta property=\"og:description\" content=\"A greve na Argentina est\u00e1 prejudicando os voos para o pa\u00eds. Todos os voos dom\u00e9sticos est\u00e3o cancelados. Se voc\u00ea comprou sua passagem para Buenos Aires aqui no Passagens Promo, saiba como proceder.\" \/>\n<meta property=\"og:url\" content=\"https:\/\/passagenspromo.com.br\/blog\/greve-na-argentina-cancela-voos\/\" \/>\n<meta property=\"og:site_name\" content=\"Blog Passagens Promo: Destinos, Roteiros Incr\u00edveis e Dicas de Viagem\" \/>\n<meta property=\"article:published_time\" content=\"2018-06-25T17:27:21+00:00\" \/>\n<meta property=\"article:modified_time\" content=\"2020-11-09T16:25:07+00:00\" \/>\n<meta property=\"og:image\" content=\"https:\/\/passagenspromo.com.br\/blog\/wp-content\/uploads\/2018\/06\/greve_argentina-min.jpg\" \/>\n\t<meta property=\"og:image:width\" content=\"740\" \/>\n\t<meta property=\"og:image:height\" content=\"415\" \/>\n\t<meta property=\"og:image:type\" content=\"image\/jpeg\" \/>\n<meta name=\"author\" content=\"Larissa Assis\" \/>\n<meta name=\"twitter:card\" content=\"summary_large_image\" \/>\n<meta name=\"twitter:label1\" content=\"Escrito por\" \/>\n\t<meta name=\"twitter:data1\" content=\"Larissa Assis\" \/>\n\t<meta name=\"twitter:label2\" content=\"Est. tempo de leitura\" \/>\n\t<meta name=\"twitter:data2\" content=\"2 minutos\" \/>\n<script type=\"application\/ld+json\" class=\"yoast-schema-graph\">{\"@context\":\"https:\\\/\\\/schema.org\",\"@graph\":[{\"@type\":\"Article\",\"@id\":\"https:\\\/\\\/passagenspromo.com.br\\\/blog\\\/greve-na-argentina-cancela-voos\\\/#article\",\"isPartOf\":{\"@id\":\"https:\\\/\\\/passagenspromo.com.br\\\/blog\\\/greve-na-argentina-cancela-voos\\\/\"},\"author\":{\"name\":\"Larissa Assis\",\"@id\":\"https:\\\/\\\/passagenspromo.com.br\\\/blog\\\/#\\\/schema\\\/person\\\/7ec781aca3defda7112f2e28f7cd31d4\"},\"headline\":\"Greve na Argentina cancela voos da Aerol\u00edneas, Gol e Latam\",\"datePublished\":\"2018-06-25T17:27:21+00:00\",\"dateModified\":\"2020-11-09T16:25:07+00:00\",\"mainEntityOfPage\":{\"@id\":\"https:\\\/\\\/passagenspromo.com.br\\\/blog\\\/greve-na-argentina-cancela-voos\\\/\"},\"wordCount\":363,\"commentCount\":0,\"image\":{\"@id\":\"https:\\\/\\\/passagenspromo.com.br\\\/blog\\\/greve-na-argentina-cancela-voos\\\/#primaryimage\"},\"thumbnailUrl\":\"https:\\\/\\\/passagenspromo.com.br\\\/blog\\\/wp-content\\\/uploads\\\/2018\\\/06\\\/greve_argentina-min.jpg\",\"keywords\":[\"aerolineas\",\"argentina\",\"gol\",\"latam\"],\"articleSection\":[\"Not\u00edcias\"],\"inLanguage\":\"pt-BR\",\"potentialAction\":[{\"@type\":\"CommentAction\",\"name\":\"Comment\",\"target\":[\"https:\\\/\\\/passagenspromo.com.br\\\/blog\\\/greve-na-argentina-cancela-voos\\\/#respond\"]}]},{\"@type\":\"WebPage\",\"@id\":\"https:\\\/\\\/passagenspromo.com.br\\\/blog\\\/greve-na-argentina-cancela-voos\\\/\",\"url\":\"https:\\\/\\\/passagenspromo.com.br\\\/blog\\\/greve-na-argentina-cancela-voos\\\/\",\"name\":\"Greve na Argentina cancela voos da Aerol\u00edneas, Gol e Latam\",\"isPartOf\":{\"@id\":\"https:\\\/\\\/passagenspromo.com.br\\\/blog\\\/#website\"},\"primaryImageOfPage\":{\"@id\":\"https:\\\/\\\/passagenspromo.com.br\\\/blog\\\/greve-na-argentina-cancela-voos\\\/#primaryimage\"},\"image\":{\"@id\":\"https:\\\/\\\/passagenspromo.com.br\\\/blog\\\/greve-na-argentina-cancela-voos\\\/#primaryimage\"},\"thumbnailUrl\":\"https:\\\/\\\/passagenspromo.com.br\\\/blog\\\/wp-content\\\/uploads\\\/2018\\\/06\\\/greve_argentina-min.jpg\",\"datePublished\":\"2018-06-25T17:27:21+00:00\",\"dateModified\":\"2020-11-09T16:25:07+00:00\",\"author\":{\"@id\":\"https:\\\/\\\/passagenspromo.com.br\\\/blog\\\/#\\\/schema\\\/person\\\/7ec781aca3defda7112f2e28f7cd31d4\"},\"description\":\"A greve na Argentina est\u00e1 prejudicando os voos para o pa\u00eds. Todos os voos dom\u00e9sticos est\u00e3o cancelados. Se voc\u00ea comprou sua passagem para Buenos Aires aqui no Passagens Promo, saiba como proceder.\",\"breadcrumb\":{\"@id\":\"https:\\\/\\\/passagenspromo.com.br\\\/blog\\\/greve-na-argentina-cancela-voos\\\/#breadcrumb\"},\"inLanguage\":\"pt-BR\",\"potentialAction\":[{\"@type\":\"ReadAction\",\"target\":[\"https:\\\/\\\/passagenspromo.com.br\\\/blog\\\/greve-na-argentina-cancela-voos\\\/\"]}]},{\"@type\":\"ImageObject\",\"inLanguage\":\"pt-BR\",\"@id\":\"https:\\\/\\\/passagenspromo.com.br\\\/blog\\\/greve-na-argentina-cancela-voos\\\/#primaryimage\",\"url\":\"https:\\\/\\\/passagenspromo.com.br\\\/blog\\\/wp-content\\\/uploads\\\/2018\\\/06\\\/greve_argentina-min.jpg\",\"contentUrl\":\"https:\\\/\\\/passagenspromo.com.br\\\/blog\\\/wp-content\\\/uploads\\\/2018\\\/06\\\/greve_argentina-min.jpg\",\"width\":740,\"height\":415,\"caption\":\"greve na argentina\"},{\"@type\":\"BreadcrumbList\",\"@id\":\"https:\\\/\\\/passagenspromo.com.br\\\/blog\\\/greve-na-argentina-cancela-voos\\\/#breadcrumb\",\"itemListElement\":[{\"@type\":\"ListItem\",\"position\":1,\"name\":\"In\u00edcio\",\"item\":\"https:\\\/\\\/passagenspromo.com.br\\\/blog\\\/\"},{\"@type\":\"ListItem\",\"position\":2,\"name\":\"Greve na Argentina cancela voos da Aerol\u00edneas, Gol e Latam\"}]},{\"@type\":\"WebSite\",\"@id\":\"https:\\\/\\\/passagenspromo.com.br\\\/blog\\\/#website\",\"url\":\"https:\\\/\\\/passagenspromo.com.br\\\/blog\\\/\",\"name\":\"Blog Passagens Promo: Destinos, Roteiros Incr\u00edveis e Dicas de Viagem\",\"description\":\"Encontre no Blog Passagens Promo os melhores roteiros nacionais e internacionais, dicas de viagem, inspira\u00e7\u00f5es e destinos inesquec\u00edveis. Ofertas exclusivas.\",\"potentialAction\":[{\"@type\":\"SearchAction\",\"target\":{\"@type\":\"EntryPoint\",\"urlTemplate\":\"https:\\\/\\\/passagenspromo.com.br\\\/blog\\\/?s={search_term_string}\"},\"query-input\":{\"@type\":\"PropertyValueSpecification\",\"valueRequired\":true,\"valueName\":\"search_term_string\"}}],\"inLanguage\":\"pt-BR\"},{\"@type\":\"Person\",\"@id\":\"https:\\\/\\\/passagenspromo.com.br\\\/blog\\\/#\\\/schema\\\/person\\\/7ec781aca3defda7112f2e28f7cd31d4\",\"name\":\"Larissa Assis\",\"image\":{\"@type\":\"ImageObject\",\"inLanguage\":\"pt-BR\",\"@id\":\"https:\\\/\\\/secure.gravatar.com\\\/avatar\\\/17b0396ffa0fdc3b00aa3fe2948da483684e66d2e7d0edf0296c5db22c0aad46?s=96&d=mm&r=g\",\"url\":\"https:\\\/\\\/secure.gravatar.com\\\/avatar\\\/17b0396ffa0fdc3b00aa3fe2948da483684e66d2e7d0edf0296c5db22c0aad46?s=96&d=mm&r=g\",\"contentUrl\":\"https:\\\/\\\/secure.gravatar.com\\\/avatar\\\/17b0396ffa0fdc3b00aa3fe2948da483684e66d2e7d0edf0296c5db22c0aad46?s=96&d=mm&r=g\",\"caption\":\"Larissa Assis\"}}]}<\/script>\n<!-- \/ Yoast SEO plugin. -->","yoast_head_json":{"title":"Greve na Argentina cancela voos da Aerol\u00edneas, Gol e Latam","description":"A greve na Argentina est\u00e1 prejudicando os voos para o pa\u00eds. Todos os voos dom\u00e9sticos est\u00e3o cancelados. Se voc\u00ea comprou sua passagem para Buenos Aires aqui no Passagens Promo, saiba como proceder.","robots":{"index":"index","follow":"follow","max-snippet":"max-snippet:-1","max-image-preview":"max-image-preview:large","max-video-preview":"max-video-preview:-1"},"canonical":"https:\/\/passagenspromo.com.br\/blog\/greve-na-argentina-cancela-voos\/","og_locale":"pt_BR","og_type":"article","og_title":"Greve na Argentina cancela voos da Aerol\u00edneas, Gol e Latam","og_description":"A greve na Argentina est\u00e1 prejudicando os voos para o pa\u00eds. Todos os voos dom\u00e9sticos est\u00e3o cancelados. Se voc\u00ea comprou sua passagem para Buenos Aires aqui no Passagens Promo, saiba como proceder.","og_url":"https:\/\/passagenspromo.com.br\/blog\/greve-na-argentina-cancela-voos\/","og_site_name":"Blog Passagens Promo: Destinos, Roteiros Incr\u00edveis e Dicas de Viagem","article_published_time":"2018-06-25T17:27:21+00:00","article_modified_time":"2020-11-09T16:25:07+00:00","og_image":[{"width":740,"height":415,"url":"https:\/\/passagenspromo.com.br\/blog\/wp-content\/uploads\/2018\/06\/greve_argentina-min.jpg","type":"image\/jpeg"}],"author":"Larissa Assis","twitter_card":"summary_large_image","twitter_misc":{"Escrito por":"Larissa Assis","Est. tempo de leitura":"2 minutos"},"schema":{"@context":"https:\/\/schema.org","@graph":[{"@type":"Article","@id":"https:\/\/passagenspromo.com.br\/blog\/greve-na-argentina-cancela-voos\/#article","isPartOf":{"@id":"https:\/\/passagenspromo.com.br\/blog\/greve-na-argentina-cancela-voos\/"},"author":{"name":"Larissa Assis","@id":"https:\/\/passagenspromo.com.br\/blog\/#\/schema\/person\/7ec781aca3defda7112f2e28f7cd31d4"},"headline":"Greve na Argentina cancela voos da Aerol\u00edneas, Gol e Latam","datePublished":"2018-06-25T17:27:21+00:00","dateModified":"2020-11-09T16:25:07+00:00","mainEntityOfPage":{"@id":"https:\/\/passagenspromo.com.br\/blog\/greve-na-argentina-cancela-voos\/"},"wordCount":363,"commentCount":0,"image":{"@id":"https:\/\/passagenspromo.com.br\/blog\/greve-na-argentina-cancela-voos\/#primaryimage"},"thumbnailUrl":"https:\/\/passagenspromo.com.br\/blog\/wp-content\/uploads\/2018\/06\/greve_argentina-min.jpg","keywords":["aerolineas","argentina","gol","latam"],"articleSection":["Not\u00edcias"],"inLanguage":"pt-BR","potentialAction":[{"@type":"CommentAction","name":"Comment","target":["https:\/\/passagenspromo.com.br\/blog\/greve-na-argentina-cancela-voos\/#respond"]}]},{"@type":"WebPage","@id":"https:\/\/passagenspromo.com.br\/blog\/greve-na-argentina-cancela-voos\/","url":"https:\/\/passagenspromo.com.br\/blog\/greve-na-argentina-cancela-voos\/","name":"Greve na Argentina cancela voos da Aerol\u00edneas, Gol e Latam","isPartOf":{"@id":"https:\/\/passagenspromo.com.br\/blog\/#website"},"primaryImageOfPage":{"@id":"https:\/\/passagenspromo.com.br\/blog\/greve-na-argentina-cancela-voos\/#primaryimage"},"image":{"@id":"https:\/\/passagenspromo.com.br\/blog\/greve-na-argentina-cancela-voos\/#primaryimage"},"thumbnailUrl":"https:\/\/passagenspromo.com.br\/blog\/wp-content\/uploads\/2018\/06\/greve_argentina-min.jpg","datePublished":"2018-06-25T17:27:21+00:00","dateModified":"2020-11-09T16:25:07+00:00","author":{"@id":"https:\/\/passagenspromo.com.br\/blog\/#\/schema\/person\/7ec781aca3defda7112f2e28f7cd31d4"},"description":"A greve na Argentina est\u00e1 prejudicando os voos para o pa\u00eds. Todos os voos dom\u00e9sticos est\u00e3o cancelados. Se voc\u00ea comprou sua passagem para Buenos Aires aqui no Passagens Promo, saiba como proceder.","breadcrumb":{"@id":"https:\/\/passagenspromo.com.br\/blog\/greve-na-argentina-cancela-voos\/#breadcrumb"},"inLanguage":"pt-BR","potentialAction":[{"@type":"ReadAction","target":["https:\/\/passagenspromo.com.br\/blog\/greve-na-argentina-cancela-voos\/"]}]},{"@type":"ImageObject","inLanguage":"pt-BR","@id":"https:\/\/passagenspromo.com.br\/blog\/greve-na-argentina-cancela-voos\/#primaryimage","url":"https:\/\/passagenspromo.com.br\/blog\/wp-content\/uploads\/2018\/06\/greve_argentina-min.jpg","contentUrl":"https:\/\/passagenspromo.com.br\/blog\/wp-content\/uploads\/2018\/06\/greve_argentina-min.jpg","width":740,"height":415,"caption":"greve na argentina"},{"@type":"BreadcrumbList","@id":"https:\/\/passagenspromo.com.br\/blog\/greve-na-argentina-cancela-voos\/#breadcrumb","itemListElement":[{"@type":"ListItem","position":1,"name":"In\u00edcio","item":"https:\/\/passagenspromo.com.br\/blog\/"},{"@type":"ListItem","position":2,"name":"Greve na Argentina cancela voos da Aerol\u00edneas, Gol e Latam"}]},{"@type":"WebSite","@id":"https:\/\/passagenspromo.com.br\/blog\/#website","url":"https:\/\/passagenspromo.com.br\/blog\/","name":"Blog Passagens Promo: Destinos, Roteiros Incr\u00edveis e Dicas de Viagem","description":"Encontre no Blog Passagens Promo os melhores roteiros nacionais e internacionais, dicas de viagem, inspira\u00e7\u00f5es e destinos inesquec\u00edveis. Ofertas exclusivas.","potentialAction":[{"@type":"SearchAction","target":{"@type":"EntryPoint","urlTemplate":"https:\/\/passagenspromo.com.br\/blog\/?s={search_term_string}"},"query-input":{"@type":"PropertyValueSpecification","valueRequired":true,"valueName":"search_term_string"}}],"inLanguage":"pt-BR"},{"@type":"Person","@id":"https:\/\/passagenspromo.com.br\/blog\/#\/schema\/person\/7ec781aca3defda7112f2e28f7cd31d4","name":"Larissa Assis","image":{"@type":"ImageObject","inLanguage":"pt-BR","@id":"https:\/\/secure.gravatar.com\/avatar\/17b0396ffa0fdc3b00aa3fe2948da483684e66d2e7d0edf0296c5db22c0aad46?s=96&d=mm&r=g","url":"https:\/\/secure.gravatar.com\/avatar\/17b0396ffa0fdc3b00aa3fe2948da483684e66d2e7d0edf0296c5db22c0aad46?s=96&d=mm&r=g","contentUrl":"https:\/\/secure.gravatar.com\/avatar\/17b0396ffa0fdc3b00aa3fe2948da483684e66d2e7d0edf0296c5db22c0aad46?s=96&d=mm&r=g","caption":"Larissa Assis"}}]}},"_links":{"self":[{"href":"https:\/\/passagenspromo.com.br\/blog\/wp-json\/wp\/v2\/posts\/281","targetHints":{"allow":["GET"]}}],"collection":[{"href":"https:\/\/passagenspromo.com.br\/blog\/wp-json\/wp\/v2\/posts"}],"about":[{"href":"https:\/\/passagenspromo.com.br\/blog\/wp-json\/wp\/v2\/types\/post"}],"author":[{"embeddable":true,"href":"https:\/\/passagenspromo.com.br\/blog\/wp-json\/wp\/v2\/users\/29"}],"replies":[{"embeddable":true,"href":"https:\/\/passagenspromo.com.br\/blog\/wp-json\/wp\/v2\/comments?post=281"}],"version-history":[{"count":6,"href":"https:\/\/passagenspromo.com.br\/blog\/wp-json\/wp\/v2\/posts\/281\/revisions"}],"predecessor-version":[{"id":9745,"href":"https:\/\/passagenspromo.com.br\/blog\/wp-json\/wp\/v2\/posts\/281\/revisions\/9745"}],"wp:featuredmedia":[{"embeddable":true,"href":"https:\/\/passagenspromo.com.br\/blog\/wp-json\/wp\/v2\/media\/282"}],"wp:attachment":[{"href":"https:\/\/passagenspromo.com.br\/blog\/wp-json\/wp\/v2\/media?parent=281"}],"wp:term":[{"taxonomy":"category","embeddable":true,"href":"https:\/\/passagenspromo.com.br\/blog\/wp-json\/wp\/v2\/categories?post=281"},{"taxonomy":"post_tag","embeddable":true,"href":"https:\/\/passagenspromo.com.br\/blog\/wp-json\/wp\/v2\/tags?post=281"}],"curies":[{"name":"wp","href":"https:\/\/api.w.org\/{rel}","templated":true}]}}